{"id":1121,"date":"2025-07-18T13:34:03","date_gmt":"2025-07-18T11:34:03","guid":{"rendered":"https:\/\/lesvoltes.eu\/gran-acogida-a-llevamos-la-neurociencia-a-la-escuela\/"},"modified":"2025-07-18T13:34:03","modified_gmt":"2025-07-18T11:34:03","slug":"gran-acogida-a-llevamos-la-neurociencia-a-la-escuela","status":"publish","type":"post","link":"https:\/\/lesvoltes.eu\/es\/gran-acogida-a-llevamos-la-neurociencia-a-la-escuela\/","title":{"rendered":"Gran acogida a \u00abLlevamos la neurociencia a la escuela\u00bb"},"content":{"rendered":"\n<p>El pasado s\u00e1bado 3 de septiembre, cincuenta docentes realizaron una jornada formativa muy interesante que bajo el t\u00edtulo de Llevamos la Neurociencia a la Escuela tuvo lugar en el Centro Cultural de la Merc\u00e8 de Girona.<\/p>\n\n\n\n<p>Durante la ma\u00f1ana el doctor en biolog\u00eda y profesor de gen\u00e9tica en la UB David Bueno, dio una interesante conferencia explicando el funcionamiento del cerebro y c\u00f3mo afecta cada parte en el desarrollo de los ni\u00f1os.<\/p>\n\n\n\n<p>Y por la tarde se realizaron tres talleres pr\u00e1cticos simult\u00e1neos sobre el juego, el trabajo cooperativo y las emociones que culminaron con diferentes propuestas valiosas para realizar en las aulas de todas las etapas educativas: desde guarder\u00edas hasta secundaria.<br>\u00a1Los docentes asistentes terminaron la jornada maratoniana con la sensaci\u00f3n de llevarse muchos nuevos conocimientos y buenas estrategias para poner en pr\u00e1ctica a partir de esta semana en las aulas!<\/p>\n\n\n\n<p><\/p>\n","protected":false},"excerpt":{"rendered":"<p>El pasado s\u00e1bado 3 de septiembre, cincuenta docentes realizaron una jornada formativa muy interesante que bajo el t\u00edtulo de Llevamos la Neurociencia a la Escuela tuvo lugar en el Centro Cultural de la Merc\u00e8 de Girona. Durante la ma\u00f1ana el doctor en biolog\u00eda y profesor de gen\u00e9tica en la UB David Bueno, dio una interesante [&hellip;]<\/p>\n","protected":false},"author":1,"featured_media":1078,"comment_status":"open","ping_status":"","sticky":false,"template":"","format":"standard","meta":{"footnotes":""},"categories":[53],"tags":[],"class_list":["post-1121","post","type-post","status-publish","format-standard","has-post-thumbnail","hentry","category-sin-categoria"],"yoast_head":"<!-- This site is optimized with the Yoast SEO plugin v26.9 - https:\/\/yoast.com\/product\/yoast-seo-wordpress\/ -->\n<title>Gran acogida a &quot;Llevamos la neurociencia a la escuela&quot; - Fundaci\u00f3 Les Voltes<\/title>\n<meta name=\"robots\" content=\"index, follow, max-snippet:-1, max-image-preview:large, max-video-preview:-1\" \/>\n<link rel=\"canonical\" href=\"https:\/\/lesvoltes.eu\/es\/gran-acogida-a-llevamos-la-neurociencia-a-la-escuela\/\" \/>\n<meta property=\"og:locale\" content=\"es_ES\" \/>\n<meta property=\"og:type\" content=\"article\" \/>\n<meta property=\"og:title\" content=\"Gran acogida a &quot;Llevamos la neurociencia a la escuela&quot; - Fundaci\u00f3 Les Voltes\" \/>\n<meta property=\"og:description\" content=\"El pasado s\u00e1bado 3 de septiembre, cincuenta docentes realizaron una jornada formativa muy interesante que bajo el t\u00edtulo de Llevamos la Neurociencia a la Escuela tuvo lugar en el Centro Cultural de la Merc\u00e8 de Girona. Durante la ma\u00f1ana el doctor en biolog\u00eda y profesor de gen\u00e9tica en la UB David Bueno, dio una interesante [&hellip;]\" \/>\n<meta property=\"og:url\" content=\"https:\/\/lesvoltes.eu\/es\/gran-acogida-a-llevamos-la-neurociencia-a-la-escuela\/\" \/>\n<meta property=\"og:site_name\" content=\"Fundaci\u00f3 Les Voltes\" \/>\n<meta property=\"article:published_time\" content=\"2025-07-18T11:34:03+00:00\" \/>\n<meta property=\"og:image\" content=\"https:\/\/lesvoltes.eu\/wp-content\/uploads\/2025\/07\/noticia1.jpg\" \/>\n\t<meta property=\"og:image:width\" content=\"1366\" \/>\n\t<meta property=\"og:image:height\" content=\"768\" \/>\n\t<meta property=\"og:image:type\" content=\"image\/jpeg\" \/>\n<meta name=\"author\" content=\"admin\" \/>\n<meta name=\"twitter:card\" content=\"summary_large_image\" \/>\n<meta name=\"twitter:label1\" content=\"Escrito por\" \/>\n\t<meta name=\"twitter:data1\" content=\"admin\" \/>\n\t<meta name=\"twitter:label2\" content=\"Tiempo de lectura\" \/>\n\t<meta name=\"twitter:data2\" content=\"1 minuto\" \/>\n<script type=\"application\/ld+json\" class=\"yoast-schema-graph\">{\"@context\":\"https:\/\/schema.org\",\"@graph\":[{\"@type\":\"Article\",\"@id\":\"https:\/\/lesvoltes.eu\/es\/gran-acogida-a-llevamos-la-neurociencia-a-la-escuela\/#article\",\"isPartOf\":{\"@id\":\"https:\/\/lesvoltes.eu\/es\/gran-acogida-a-llevamos-la-neurociencia-a-la-escuela\/\"},\"author\":{\"name\":\"admin\",\"@id\":\"https:\/\/lesvoltes.eu\/es\/#\/schema\/person\/5deb5ed18fb8b9b19f79e3f9a2da8ae7\"},\"headline\":\"Gran acogida a \u00abLlevamos la neurociencia a la escuela\u00bb\",\"datePublished\":\"2025-07-18T11:34:03+00:00\",\"mainEntityOfPage\":{\"@id\":\"https:\/\/lesvoltes.eu\/es\/gran-acogida-a-llevamos-la-neurociencia-a-la-escuela\/\"},\"wordCount\":161,\"commentCount\":0,\"publisher\":{\"@id\":\"https:\/\/lesvoltes.eu\/es\/#organization\"},\"image\":{\"@id\":\"https:\/\/lesvoltes.eu\/es\/gran-acogida-a-llevamos-la-neurociencia-a-la-escuela\/#primaryimage\"},\"thumbnailUrl\":\"https:\/\/lesvoltes.eu\/wp-content\/uploads\/2025\/07\/noticia1.jpg\",\"inLanguage\":\"es\",\"potentialAction\":[{\"@type\":\"CommentAction\",\"name\":\"Comment\",\"target\":[\"https:\/\/lesvoltes.eu\/es\/gran-acogida-a-llevamos-la-neurociencia-a-la-escuela\/#respond\"]}]},{\"@type\":\"WebPage\",\"@id\":\"https:\/\/lesvoltes.eu\/es\/gran-acogida-a-llevamos-la-neurociencia-a-la-escuela\/\",\"url\":\"https:\/\/lesvoltes.eu\/es\/gran-acogida-a-llevamos-la-neurociencia-a-la-escuela\/\",\"name\":\"Gran acogida a \\\"Llevamos la neurociencia a la escuela\\\" - Fundaci\u00f3 Les Voltes\",\"isPartOf\":{\"@id\":\"https:\/\/lesvoltes.eu\/es\/#website\"},\"primaryImageOfPage\":{\"@id\":\"https:\/\/lesvoltes.eu\/es\/gran-acogida-a-llevamos-la-neurociencia-a-la-escuela\/#primaryimage\"},\"image\":{\"@id\":\"https:\/\/lesvoltes.eu\/es\/gran-acogida-a-llevamos-la-neurociencia-a-la-escuela\/#primaryimage\"},\"thumbnailUrl\":\"https:\/\/lesvoltes.eu\/wp-content\/uploads\/2025\/07\/noticia1.jpg\",\"datePublished\":\"2025-07-18T11:34:03+00:00\",\"breadcrumb\":{\"@id\":\"https:\/\/lesvoltes.eu\/es\/gran-acogida-a-llevamos-la-neurociencia-a-la-escuela\/#breadcrumb\"},\"inLanguage\":\"es\",\"potentialAction\":[{\"@type\":\"ReadAction\",\"target\":[\"https:\/\/lesvoltes.eu\/es\/gran-acogida-a-llevamos-la-neurociencia-a-la-escuela\/\"]}]},{\"@type\":\"ImageObject\",\"inLanguage\":\"es\",\"@id\":\"https:\/\/lesvoltes.eu\/es\/gran-acogida-a-llevamos-la-neurociencia-a-la-escuela\/#primaryimage\",\"url\":\"https:\/\/lesvoltes.eu\/wp-content\/uploads\/2025\/07\/noticia1.jpg\",\"contentUrl\":\"https:\/\/lesvoltes.eu\/wp-content\/uploads\/2025\/07\/noticia1.jpg\",\"width\":1366,\"height\":768,\"caption\":\"Sala de confer\u00e8ncies\"},{\"@type\":\"BreadcrumbList\",\"@id\":\"https:\/\/lesvoltes.eu\/es\/gran-acogida-a-llevamos-la-neurociencia-a-la-escuela\/#breadcrumb\",\"itemListElement\":[{\"@type\":\"ListItem\",\"position\":1,\"name\":\"Inici\",\"item\":\"https:\/\/lesvoltes.eu\/es\/inicio\/\"},{\"@type\":\"ListItem\",\"position\":2,\"name\":\"Gran acogida a \u00abLlevamos la neurociencia a la escuela\u00bb\"}]},{\"@type\":\"WebSite\",\"@id\":\"https:\/\/lesvoltes.eu\/es\/#website\",\"url\":\"https:\/\/lesvoltes.eu\/es\/\",\"name\":\"Fundaci\u00f3 Les Voltes\",\"description\":\"El Pa\u00eds el fa la gent, nosaltres hi posem les eines.\",\"publisher\":{\"@id\":\"https:\/\/lesvoltes.eu\/es\/#organization\"},\"potentialAction\":[{\"@type\":\"SearchAction\",\"target\":{\"@type\":\"EntryPoint\",\"urlTemplate\":\"https:\/\/lesvoltes.eu\/es\/?s={search_term_string}\"},\"query-input\":{\"@type\":\"PropertyValueSpecification\",\"valueRequired\":true,\"valueName\":\"search_term_string\"}}],\"inLanguage\":\"es\"},{\"@type\":\"Organization\",\"@id\":\"https:\/\/lesvoltes.eu\/es\/#organization\",\"name\":\"Fundaci\u00f3 Les Voltes\",\"url\":\"https:\/\/lesvoltes.eu\/es\/\",\"logo\":{\"@type\":\"ImageObject\",\"inLanguage\":\"es\",\"@id\":\"https:\/\/lesvoltes.eu\/es\/#\/schema\/logo\/image\/\",\"url\":\"https:\/\/lesvoltes.eu\/wp-content\/uploads\/2025\/07\/favicon-les-voltes-girona.png\",\"contentUrl\":\"https:\/\/lesvoltes.eu\/wp-content\/uploads\/2025\/07\/favicon-les-voltes-girona.png\",\"width\":1407,\"height\":1406,\"caption\":\"Fundaci\u00f3 Les Voltes\"},\"image\":{\"@id\":\"https:\/\/lesvoltes.eu\/es\/#\/schema\/logo\/image\/\"}},{\"@type\":\"Person\",\"@id\":\"https:\/\/lesvoltes.eu\/es\/#\/schema\/person\/5deb5ed18fb8b9b19f79e3f9a2da8ae7\",\"name\":\"admin\",\"image\":{\"@type\":\"ImageObject\",\"inLanguage\":\"es\",\"@id\":\"https:\/\/lesvoltes.eu\/es\/#\/schema\/person\/image\/\",\"url\":\"https:\/\/secure.gravatar.com\/avatar\/c1982c580199072ebcdd08985eb4893dff370093e33e729a1d39f691ec661860?s=96&d=mm&r=g\",\"contentUrl\":\"https:\/\/secure.gravatar.com\/avatar\/c1982c580199072ebcdd08985eb4893dff370093e33e729a1d39f691ec661860?s=96&d=mm&r=g\",\"caption\":\"admin\"},\"sameAs\":[\"https:\/\/lesvoltes.cat\"],\"url\":\"https:\/\/lesvoltes.eu\/es\/author\/foward_fbk7q0jf\/\"}]}<\/script>\n<!-- \/ Yoast SEO plugin. -->","yoast_head_json":{"title":"Gran acogida a \"Llevamos la neurociencia a la escuela\" - Fundaci\u00f3 Les Voltes","robots":{"index":"index","follow":"follow","max-snippet":"max-snippet:-1","max-image-preview":"max-image-preview:large","max-video-preview":"max-video-preview:-1"},"canonical":"https:\/\/lesvoltes.eu\/es\/gran-acogida-a-llevamos-la-neurociencia-a-la-escuela\/","og_locale":"es_ES","og_type":"article","og_title":"Gran acogida a \"Llevamos la neurociencia a la escuela\" - Fundaci\u00f3 Les Voltes","og_description":"El pasado s\u00e1bado 3 de septiembre, cincuenta docentes realizaron una jornada formativa muy interesante que bajo el t\u00edtulo de Llevamos la Neurociencia a la Escuela tuvo lugar en el Centro Cultural de la Merc\u00e8 de Girona. Durante la ma\u00f1ana el doctor en biolog\u00eda y profesor de gen\u00e9tica en la UB David Bueno, dio una interesante [&hellip;]","og_url":"https:\/\/lesvoltes.eu\/es\/gran-acogida-a-llevamos-la-neurociencia-a-la-escuela\/","og_site_name":"Fundaci\u00f3 Les Voltes","article_published_time":"2025-07-18T11:34:03+00:00","og_image":[{"width":1366,"height":768,"url":"https:\/\/lesvoltes.eu\/wp-content\/uploads\/2025\/07\/noticia1.jpg","type":"image\/jpeg"}],"author":"admin","twitter_card":"summary_large_image","twitter_misc":{"Escrito por":"admin","Tiempo de lectura":"1 minuto"},"schema":{"@context":"https:\/\/schema.org","@graph":[{"@type":"Article","@id":"https:\/\/lesvoltes.eu\/es\/gran-acogida-a-llevamos-la-neurociencia-a-la-escuela\/#article","isPartOf":{"@id":"https:\/\/lesvoltes.eu\/es\/gran-acogida-a-llevamos-la-neurociencia-a-la-escuela\/"},"author":{"name":"admin","@id":"https:\/\/lesvoltes.eu\/es\/#\/schema\/person\/5deb5ed18fb8b9b19f79e3f9a2da8ae7"},"headline":"Gran acogida a \u00abLlevamos la neurociencia a la escuela\u00bb","datePublished":"2025-07-18T11:34:03+00:00","mainEntityOfPage":{"@id":"https:\/\/lesvoltes.eu\/es\/gran-acogida-a-llevamos-la-neurociencia-a-la-escuela\/"},"wordCount":161,"commentCount":0,"publisher":{"@id":"https:\/\/lesvoltes.eu\/es\/#organization"},"image":{"@id":"https:\/\/lesvoltes.eu\/es\/gran-acogida-a-llevamos-la-neurociencia-a-la-escuela\/#primaryimage"},"thumbnailUrl":"https:\/\/lesvoltes.eu\/wp-content\/uploads\/2025\/07\/noticia1.jpg","inLanguage":"es","potentialAction":[{"@type":"CommentAction","name":"Comment","target":["https:\/\/lesvoltes.eu\/es\/gran-acogida-a-llevamos-la-neurociencia-a-la-escuela\/#respond"]}]},{"@type":"WebPage","@id":"https:\/\/lesvoltes.eu\/es\/gran-acogida-a-llevamos-la-neurociencia-a-la-escuela\/","url":"https:\/\/lesvoltes.eu\/es\/gran-acogida-a-llevamos-la-neurociencia-a-la-escuela\/","name":"Gran acogida a \"Llevamos la neurociencia a la escuela\" - Fundaci\u00f3 Les Voltes","isPartOf":{"@id":"https:\/\/lesvoltes.eu\/es\/#website"},"primaryImageOfPage":{"@id":"https:\/\/lesvoltes.eu\/es\/gran-acogida-a-llevamos-la-neurociencia-a-la-escuela\/#primaryimage"},"image":{"@id":"https:\/\/lesvoltes.eu\/es\/gran-acogida-a-llevamos-la-neurociencia-a-la-escuela\/#primaryimage"},"thumbnailUrl":"https:\/\/lesvoltes.eu\/wp-content\/uploads\/2025\/07\/noticia1.jpg","datePublished":"2025-07-18T11:34:03+00:00","breadcrumb":{"@id":"https:\/\/lesvoltes.eu\/es\/gran-acogida-a-llevamos-la-neurociencia-a-la-escuela\/#breadcrumb"},"inLanguage":"es","potentialAction":[{"@type":"ReadAction","target":["https:\/\/lesvoltes.eu\/es\/gran-acogida-a-llevamos-la-neurociencia-a-la-escuela\/"]}]},{"@type":"ImageObject","inLanguage":"es","@id":"https:\/\/lesvoltes.eu\/es\/gran-acogida-a-llevamos-la-neurociencia-a-la-escuela\/#primaryimage","url":"https:\/\/lesvoltes.eu\/wp-content\/uploads\/2025\/07\/noticia1.jpg","contentUrl":"https:\/\/lesvoltes.eu\/wp-content\/uploads\/2025\/07\/noticia1.jpg","width":1366,"height":768,"caption":"Sala de confer\u00e8ncies"},{"@type":"BreadcrumbList","@id":"https:\/\/lesvoltes.eu\/es\/gran-acogida-a-llevamos-la-neurociencia-a-la-escuela\/#breadcrumb","itemListElement":[{"@type":"ListItem","position":1,"name":"Inici","item":"https:\/\/lesvoltes.eu\/es\/inicio\/"},{"@type":"ListItem","position":2,"name":"Gran acogida a \u00abLlevamos la neurociencia a la escuela\u00bb"}]},{"@type":"WebSite","@id":"https:\/\/lesvoltes.eu\/es\/#website","url":"https:\/\/lesvoltes.eu\/es\/","name":"Fundaci\u00f3 Les Voltes","description":"El Pa\u00eds el fa la gent, nosaltres hi posem les eines.","publisher":{"@id":"https:\/\/lesvoltes.eu\/es\/#organization"},"potentialAction":[{"@type":"SearchAction","target":{"@type":"EntryPoint","urlTemplate":"https:\/\/lesvoltes.eu\/es\/?s={search_term_string}"},"query-input":{"@type":"PropertyValueSpecification","valueRequired":true,"valueName":"search_term_string"}}],"inLanguage":"es"},{"@type":"Organization","@id":"https:\/\/lesvoltes.eu\/es\/#organization","name":"Fundaci\u00f3 Les Voltes","url":"https:\/\/lesvoltes.eu\/es\/","logo":{"@type":"ImageObject","inLanguage":"es","@id":"https:\/\/lesvoltes.eu\/es\/#\/schema\/logo\/image\/","url":"https:\/\/lesvoltes.eu\/wp-content\/uploads\/2025\/07\/favicon-les-voltes-girona.png","contentUrl":"https:\/\/lesvoltes.eu\/wp-content\/uploads\/2025\/07\/favicon-les-voltes-girona.png","width":1407,"height":1406,"caption":"Fundaci\u00f3 Les Voltes"},"image":{"@id":"https:\/\/lesvoltes.eu\/es\/#\/schema\/logo\/image\/"}},{"@type":"Person","@id":"https:\/\/lesvoltes.eu\/es\/#\/schema\/person\/5deb5ed18fb8b9b19f79e3f9a2da8ae7","name":"admin","image":{"@type":"ImageObject","inLanguage":"es","@id":"https:\/\/lesvoltes.eu\/es\/#\/schema\/person\/image\/","url":"https:\/\/secure.gravatar.com\/avatar\/c1982c580199072ebcdd08985eb4893dff370093e33e729a1d39f691ec661860?s=96&d=mm&r=g","contentUrl":"https:\/\/secure.gravatar.com\/avatar\/c1982c580199072ebcdd08985eb4893dff370093e33e729a1d39f691ec661860?s=96&d=mm&r=g","caption":"admin"},"sameAs":["https:\/\/lesvoltes.cat"],"url":"https:\/\/lesvoltes.eu\/es\/author\/foward_fbk7q0jf\/"}]}},"_links":{"self":[{"href":"https:\/\/lesvoltes.eu\/es\/wp-json\/wp\/v2\/posts\/1121","targetHints":{"allow":["GET"]}}],"collection":[{"href":"https:\/\/lesvoltes.eu\/es\/wp-json\/wp\/v2\/posts"}],"about":[{"href":"https:\/\/lesvoltes.eu\/es\/wp-json\/wp\/v2\/types\/post"}],"author":[{"embeddable":true,"href":"https:\/\/lesvoltes.eu\/es\/wp-json\/wp\/v2\/users\/1"}],"replies":[{"embeddable":true,"href":"https:\/\/lesvoltes.eu\/es\/wp-json\/wp\/v2\/comments?post=1121"}],"version-history":[{"count":0,"href":"https:\/\/lesvoltes.eu\/es\/wp-json\/wp\/v2\/posts\/1121\/revisions"}],"wp:featuredmedia":[{"embeddable":true,"href":"https:\/\/lesvoltes.eu\/es\/wp-json\/wp\/v2\/media\/1078"}],"wp:attachment":[{"href":"https:\/\/lesvoltes.eu\/es\/wp-json\/wp\/v2\/media?parent=1121"}],"wp:term":[{"taxonomy":"category","embeddable":true,"href":"https:\/\/lesvoltes.eu\/es\/wp-json\/wp\/v2\/categories?post=1121"},{"taxonomy":"post_tag","embeddable":true,"href":"https:\/\/lesvoltes.eu\/es\/wp-json\/wp\/v2\/tags?post=1121"}],"curies":[{"name":"wp","href":"https:\/\/api.w.org\/{rel}","templated":true}]}}