{"id":1136,"date":"2025-07-18T13:52:23","date_gmt":"2025-07-18T11:52:23","guid":{"rendered":"https:\/\/lesvoltes.eu\/les-voltes-educa-presenta-16-cursos-de-formacion-dirigidos-a-docentes\/"},"modified":"2025-07-18T13:52:23","modified_gmt":"2025-07-18T11:52:23","slug":"les-voltes-educa-presenta-16-cursos-de-formacion-dirigidos-a-docentes","status":"publish","type":"post","link":"https:\/\/lesvoltes.eu\/es\/les-voltes-educa-presenta-16-cursos-de-formacion-dirigidos-a-docentes\/","title":{"rendered":"Les Voltes Educa presenta 16 cursos de formaci\u00f3n dirigidos a docentes"},"content":{"rendered":"\n<blockquote class=\"wp-block-quote is-layout-flow wp-block-quote-is-layout-flow\">\n<p>La presentaci\u00f3n ha estado a cargo del presidente de la Fundaci\u00f3n Les Voltes, Joan Matamala, y la directora de Les Voltes Educa, la Dra. Nuri Felip.<\/p>\n<\/blockquote>\n\n\n\n<p>Matamala ha explicado que la<strong> Fundaci\u00f3n Les Voltes trabaja por la lengua y el pa\u00eds desde el a\u00f1o 1963<\/strong> y que desde hace unos meses los miembros del patronato han estado estudiando nuevas formas de trabajar por la lengua catalana y que han decidido priorizar el mundo de la formaci\u00f3n. Es por eso que&nbsp;<strong>ahora han puesto en marcha el proyecto de Les Voltes Educa, para centrarse en la formaci\u00f3n en todas las etapas de la vida<\/strong>.<\/p>\n\n\n\n<p>Entre las primeras actividades de Les Voltes Educa est\u00e1 la \u201c<strong>Escuela de Lectura para fomentar el<\/strong>\u201d amor por la lectura entre los m\u00e1s peque\u00f1os y fomentar la comprensi\u00f3n lectora. Otro eje importante es el de la educaci\u00f3n de los m\u00e1s peque\u00f1os. Es por eso que&nbsp;<strong>desde hace unos meses han llegado a un acuerdo de integraci\u00f3n de los dos proyectos con la Asociaci\u00f3n Socioeducativa El Gebre, que gestiona escuelas infantiles en el entorno de Girona<\/strong>.<\/p>\n\n\n\n<p>A finales de \u201cagosto est\u00e1 previsto que se\u201d inaugure&nbsp;<strong>una nueva librer\u00eda en el centro de Girona especializada en literatura infantil y juvenil, as\u00ed como en tem\u00e1tica educativa<\/strong>. El presidente de la Fundaci\u00f3n ha recordado que desde Les Voltes Llibreria siempre ha sido prioritario el fomento de la lectura en catal\u00e1n entre los m\u00e1s peque\u00f1os, pero con la creaci\u00f3n de Les Voltes Educa y la \u201capertura de\u201d este nuevo establecimiento el proyecto adquiere una nueva dimensi\u00f3n.<\/p>\n\n\n\n<p>La directora de Les Voltes Educa, Nuri Felip, ha explicado que&nbsp;<strong>para este curso 2022\/23 han preparado 16 cursos de formaci\u00f3n dirigidos a docentes<\/strong>. De \u201cestos 16 cursos, 3 tienen el proceso de\u201d inscripci\u00f3n abierto desde hace d\u00edas y est\u00e1n teniendo un gran \u00e9xito. Son los cursos de preparaci\u00f3n para hacer oposiciones para infantil y para primaria, y&nbsp;<strong>una jornada sobre neurociencia en el aula a cargo del doctor David Bueno<\/strong>. Adem\u00e1s,&nbsp;<strong>se acaba de abrir el proceso de inscripci\u00f3n al resto de cursos, que tienen tem\u00e1ticas muy diversas como las altas capacidades, recursos digitales, el duelo, la diversidad<\/strong>, etc.<\/p>\n\n\n\n<p>Algunos de estos cursos tambi\u00e9n est\u00e1n abiertos a familias. Pueden consultarlos todos&nbsp;<strong><a href=\"https:\/\/lesvolteseduca.cat\/formacions\/cursos\" target=\"_blank\" rel=\"noreferrer noopener\">en este mismo sitio web<\/a> desde donde tambi\u00e9n se puede formalizar la matr\u00edcula<\/strong>.<\/p>\n\n\n\n<p><\/p>\n","protected":false},"excerpt":{"rendered":"<p>La presentaci\u00f3n ha estado a cargo del presidente de la Fundaci\u00f3n Les Voltes, Joan Matamala, y la directora de Les Voltes Educa, la Dra. Nuri Felip. Matamala ha explicado que la Fundaci\u00f3n Les Voltes trabaja por la lengua y el pa\u00eds desde el a\u00f1o 1963 y que desde hace unos meses los miembros del patronato [&hellip;]<\/p>\n","protected":false},"author":1,"featured_media":1079,"comment_status":"open","ping_status":"","sticky":false,"template":"","format":"standard","meta":{"footnotes":""},"categories":[53],"tags":[],"class_list":["post-1136","post","type-post","status-publish","format-standard","has-post-thumbnail","hentry","category-sin-categoria"],"yoast_head":"<!-- This site is optimized with the Yoast SEO plugin v26.9 - https:\/\/yoast.com\/product\/yoast-seo-wordpress\/ -->\n<title>Les Voltes Educa presenta 16 cursos de formaci\u00f3n dirigidos a docentes - Fundaci\u00f3 Les Voltes<\/title>\n<meta name=\"robots\" content=\"index, follow, max-snippet:-1, max-image-preview:large, max-video-preview:-1\" \/>\n<link rel=\"canonical\" href=\"https:\/\/lesvoltes.eu\/es\/les-voltes-educa-presenta-16-cursos-de-formacion-dirigidos-a-docentes\/\" \/>\n<meta property=\"og:locale\" content=\"es_ES\" \/>\n<meta property=\"og:type\" content=\"article\" \/>\n<meta property=\"og:title\" content=\"Les Voltes Educa presenta 16 cursos de formaci\u00f3n dirigidos a docentes - Fundaci\u00f3 Les Voltes\" \/>\n<meta property=\"og:description\" content=\"La presentaci\u00f3n ha estado a cargo del presidente de la Fundaci\u00f3n Les Voltes, Joan Matamala, y la directora de Les Voltes Educa, la Dra. Nuri Felip. Matamala ha explicado que la Fundaci\u00f3n Les Voltes trabaja por la lengua y el pa\u00eds desde el a\u00f1o 1963 y que desde hace unos meses los miembros del patronato [&hellip;]\" \/>\n<meta property=\"og:url\" content=\"https:\/\/lesvoltes.eu\/es\/les-voltes-educa-presenta-16-cursos-de-formacion-dirigidos-a-docentes\/\" \/>\n<meta property=\"og:site_name\" content=\"Fundaci\u00f3 Les Voltes\" \/>\n<meta property=\"article:published_time\" content=\"2025-07-18T11:52:23+00:00\" \/>\n<meta property=\"og:image\" content=\"https:\/\/lesvoltes.eu\/wp-content\/uploads\/2025\/07\/noticia2.jpg\" \/>\n\t<meta property=\"og:image:width\" content=\"1366\" \/>\n\t<meta property=\"og:image:height\" content=\"768\" \/>\n\t<meta property=\"og:image:type\" content=\"image\/jpeg\" \/>\n<meta name=\"author\" content=\"admin\" \/>\n<meta name=\"twitter:card\" content=\"summary_large_image\" \/>\n<meta name=\"twitter:label1\" content=\"Escrito por\" \/>\n\t<meta name=\"twitter:data1\" content=\"admin\" \/>\n\t<meta name=\"twitter:label2\" content=\"Tiempo de lectura\" \/>\n\t<meta name=\"twitter:data2\" content=\"2 minutos\" \/>\n<script type=\"application\/ld+json\" class=\"yoast-schema-graph\">{\"@context\":\"https:\/\/schema.org\",\"@graph\":[{\"@type\":\"Article\",\"@id\":\"https:\/\/lesvoltes.eu\/es\/les-voltes-educa-presenta-16-cursos-de-formacion-dirigidos-a-docentes\/#article\",\"isPartOf\":{\"@id\":\"https:\/\/lesvoltes.eu\/es\/les-voltes-educa-presenta-16-cursos-de-formacion-dirigidos-a-docentes\/\"},\"author\":{\"name\":\"admin\",\"@id\":\"https:\/\/lesvoltes.eu\/es\/#\/schema\/person\/5deb5ed18fb8b9b19f79e3f9a2da8ae7\"},\"headline\":\"Les Voltes Educa presenta 16 cursos de formaci\u00f3n dirigidos a docentes\",\"datePublished\":\"2025-07-18T11:52:23+00:00\",\"mainEntityOfPage\":{\"@id\":\"https:\/\/lesvoltes.eu\/es\/les-voltes-educa-presenta-16-cursos-de-formacion-dirigidos-a-docentes\/\"},\"wordCount\":427,\"commentCount\":0,\"publisher\":{\"@id\":\"https:\/\/lesvoltes.eu\/es\/#organization\"},\"image\":{\"@id\":\"https:\/\/lesvoltes.eu\/es\/les-voltes-educa-presenta-16-cursos-de-formacion-dirigidos-a-docentes\/#primaryimage\"},\"thumbnailUrl\":\"https:\/\/lesvoltes.eu\/wp-content\/uploads\/2025\/07\/noticia2.jpg\",\"inLanguage\":\"es\",\"potentialAction\":[{\"@type\":\"CommentAction\",\"name\":\"Comment\",\"target\":[\"https:\/\/lesvoltes.eu\/es\/les-voltes-educa-presenta-16-cursos-de-formacion-dirigidos-a-docentes\/#respond\"]}]},{\"@type\":\"WebPage\",\"@id\":\"https:\/\/lesvoltes.eu\/es\/les-voltes-educa-presenta-16-cursos-de-formacion-dirigidos-a-docentes\/\",\"url\":\"https:\/\/lesvoltes.eu\/es\/les-voltes-educa-presenta-16-cursos-de-formacion-dirigidos-a-docentes\/\",\"name\":\"Les Voltes Educa presenta 16 cursos de formaci\u00f3n dirigidos a docentes - Fundaci\u00f3 Les Voltes\",\"isPartOf\":{\"@id\":\"https:\/\/lesvoltes.eu\/es\/#website\"},\"primaryImageOfPage\":{\"@id\":\"https:\/\/lesvoltes.eu\/es\/les-voltes-educa-presenta-16-cursos-de-formacion-dirigidos-a-docentes\/#primaryimage\"},\"image\":{\"@id\":\"https:\/\/lesvoltes.eu\/es\/les-voltes-educa-presenta-16-cursos-de-formacion-dirigidos-a-docentes\/#primaryimage\"},\"thumbnailUrl\":\"https:\/\/lesvoltes.eu\/wp-content\/uploads\/2025\/07\/noticia2.jpg\",\"datePublished\":\"2025-07-18T11:52:23+00:00\",\"breadcrumb\":{\"@id\":\"https:\/\/lesvoltes.eu\/es\/les-voltes-educa-presenta-16-cursos-de-formacion-dirigidos-a-docentes\/#breadcrumb\"},\"inLanguage\":\"es\",\"potentialAction\":[{\"@type\":\"ReadAction\",\"target\":[\"https:\/\/lesvoltes.eu\/es\/les-voltes-educa-presenta-16-cursos-de-formacion-dirigidos-a-docentes\/\"]}]},{\"@type\":\"ImageObject\",\"inLanguage\":\"es\",\"@id\":\"https:\/\/lesvoltes.eu\/es\/les-voltes-educa-presenta-16-cursos-de-formacion-dirigidos-a-docentes\/#primaryimage\",\"url\":\"https:\/\/lesvoltes.eu\/wp-content\/uploads\/2025\/07\/noticia2.jpg\",\"contentUrl\":\"https:\/\/lesvoltes.eu\/wp-content\/uploads\/2025\/07\/noticia2.jpg\",\"width\":1366,\"height\":768,\"caption\":\"Taulell de confer\u00e8ncies\"},{\"@type\":\"BreadcrumbList\",\"@id\":\"https:\/\/lesvoltes.eu\/es\/les-voltes-educa-presenta-16-cursos-de-formacion-dirigidos-a-docentes\/#breadcrumb\",\"itemListElement\":[{\"@type\":\"ListItem\",\"position\":1,\"name\":\"Inici\",\"item\":\"https:\/\/lesvoltes.eu\/es\/inicio\/\"},{\"@type\":\"ListItem\",\"position\":2,\"name\":\"Les Voltes Educa presenta 16 cursos de formaci\u00f3n dirigidos a docentes\"}]},{\"@type\":\"WebSite\",\"@id\":\"https:\/\/lesvoltes.eu\/es\/#website\",\"url\":\"https:\/\/lesvoltes.eu\/es\/\",\"name\":\"Fundaci\u00f3 Les Voltes\",\"description\":\"El Pa\u00eds el fa la gent, nosaltres hi posem les eines.\",\"publisher\":{\"@id\":\"https:\/\/lesvoltes.eu\/es\/#organization\"},\"potentialAction\":[{\"@type\":\"SearchAction\",\"target\":{\"@type\":\"EntryPoint\",\"urlTemplate\":\"https:\/\/lesvoltes.eu\/es\/?s={search_term_string}\"},\"query-input\":{\"@type\":\"PropertyValueSpecification\",\"valueRequired\":true,\"valueName\":\"search_term_string\"}}],\"inLanguage\":\"es\"},{\"@type\":\"Organization\",\"@id\":\"https:\/\/lesvoltes.eu\/es\/#organization\",\"name\":\"Fundaci\u00f3 Les Voltes\",\"url\":\"https:\/\/lesvoltes.eu\/es\/\",\"logo\":{\"@type\":\"ImageObject\",\"inLanguage\":\"es\",\"@id\":\"https:\/\/lesvoltes.eu\/es\/#\/schema\/logo\/image\/\",\"url\":\"https:\/\/lesvoltes.eu\/wp-content\/uploads\/2025\/07\/favicon-les-voltes-girona.png\",\"contentUrl\":\"https:\/\/lesvoltes.eu\/wp-content\/uploads\/2025\/07\/favicon-les-voltes-girona.png\",\"width\":1407,\"height\":1406,\"caption\":\"Fundaci\u00f3 Les Voltes\"},\"image\":{\"@id\":\"https:\/\/lesvoltes.eu\/es\/#\/schema\/logo\/image\/\"}},{\"@type\":\"Person\",\"@id\":\"https:\/\/lesvoltes.eu\/es\/#\/schema\/person\/5deb5ed18fb8b9b19f79e3f9a2da8ae7\",\"name\":\"admin\",\"image\":{\"@type\":\"ImageObject\",\"inLanguage\":\"es\",\"@id\":\"https:\/\/lesvoltes.eu\/es\/#\/schema\/person\/image\/\",\"url\":\"https:\/\/secure.gravatar.com\/avatar\/c1982c580199072ebcdd08985eb4893dff370093e33e729a1d39f691ec661860?s=96&d=mm&r=g\",\"contentUrl\":\"https:\/\/secure.gravatar.com\/avatar\/c1982c580199072ebcdd08985eb4893dff370093e33e729a1d39f691ec661860?s=96&d=mm&r=g\",\"caption\":\"admin\"},\"sameAs\":[\"https:\/\/lesvoltes.cat\"],\"url\":\"https:\/\/lesvoltes.eu\/es\/author\/foward_fbk7q0jf\/\"}]}<\/script>\n<!-- \/ Yoast SEO plugin. -->","yoast_head_json":{"title":"Les Voltes Educa presenta 16 cursos de formaci\u00f3n dirigidos a docentes - Fundaci\u00f3 Les Voltes","robots":{"index":"index","follow":"follow","max-snippet":"max-snippet:-1","max-image-preview":"max-image-preview:large","max-video-preview":"max-video-preview:-1"},"canonical":"https:\/\/lesvoltes.eu\/es\/les-voltes-educa-presenta-16-cursos-de-formacion-dirigidos-a-docentes\/","og_locale":"es_ES","og_type":"article","og_title":"Les Voltes Educa presenta 16 cursos de formaci\u00f3n dirigidos a docentes - Fundaci\u00f3 Les Voltes","og_description":"La presentaci\u00f3n ha estado a cargo del presidente de la Fundaci\u00f3n Les Voltes, Joan Matamala, y la directora de Les Voltes Educa, la Dra. Nuri Felip. Matamala ha explicado que la Fundaci\u00f3n Les Voltes trabaja por la lengua y el pa\u00eds desde el a\u00f1o 1963 y que desde hace unos meses los miembros del patronato [&hellip;]","og_url":"https:\/\/lesvoltes.eu\/es\/les-voltes-educa-presenta-16-cursos-de-formacion-dirigidos-a-docentes\/","og_site_name":"Fundaci\u00f3 Les Voltes","article_published_time":"2025-07-18T11:52:23+00:00","og_image":[{"width":1366,"height":768,"url":"https:\/\/lesvoltes.eu\/wp-content\/uploads\/2025\/07\/noticia2.jpg","type":"image\/jpeg"}],"author":"admin","twitter_card":"summary_large_image","twitter_misc":{"Escrito por":"admin","Tiempo de lectura":"2 minutos"},"schema":{"@context":"https:\/\/schema.org","@graph":[{"@type":"Article","@id":"https:\/\/lesvoltes.eu\/es\/les-voltes-educa-presenta-16-cursos-de-formacion-dirigidos-a-docentes\/#article","isPartOf":{"@id":"https:\/\/lesvoltes.eu\/es\/les-voltes-educa-presenta-16-cursos-de-formacion-dirigidos-a-docentes\/"},"author":{"name":"admin","@id":"https:\/\/lesvoltes.eu\/es\/#\/schema\/person\/5deb5ed18fb8b9b19f79e3f9a2da8ae7"},"headline":"Les Voltes Educa presenta 16 cursos de formaci\u00f3n dirigidos a docentes","datePublished":"2025-07-18T11:52:23+00:00","mainEntityOfPage":{"@id":"https:\/\/lesvoltes.eu\/es\/les-voltes-educa-presenta-16-cursos-de-formacion-dirigidos-a-docentes\/"},"wordCount":427,"commentCount":0,"publisher":{"@id":"https:\/\/lesvoltes.eu\/es\/#organization"},"image":{"@id":"https:\/\/lesvoltes.eu\/es\/les-voltes-educa-presenta-16-cursos-de-formacion-dirigidos-a-docentes\/#primaryimage"},"thumbnailUrl":"https:\/\/lesvoltes.eu\/wp-content\/uploads\/2025\/07\/noticia2.jpg","inLanguage":"es","potentialAction":[{"@type":"CommentAction","name":"Comment","target":["https:\/\/lesvoltes.eu\/es\/les-voltes-educa-presenta-16-cursos-de-formacion-dirigidos-a-docentes\/#respond"]}]},{"@type":"WebPage","@id":"https:\/\/lesvoltes.eu\/es\/les-voltes-educa-presenta-16-cursos-de-formacion-dirigidos-a-docentes\/","url":"https:\/\/lesvoltes.eu\/es\/les-voltes-educa-presenta-16-cursos-de-formacion-dirigidos-a-docentes\/","name":"Les Voltes Educa presenta 16 cursos de formaci\u00f3n dirigidos a docentes - Fundaci\u00f3 Les Voltes","isPartOf":{"@id":"https:\/\/lesvoltes.eu\/es\/#website"},"primaryImageOfPage":{"@id":"https:\/\/lesvoltes.eu\/es\/les-voltes-educa-presenta-16-cursos-de-formacion-dirigidos-a-docentes\/#primaryimage"},"image":{"@id":"https:\/\/lesvoltes.eu\/es\/les-voltes-educa-presenta-16-cursos-de-formacion-dirigidos-a-docentes\/#primaryimage"},"thumbnailUrl":"https:\/\/lesvoltes.eu\/wp-content\/uploads\/2025\/07\/noticia2.jpg","datePublished":"2025-07-18T11:52:23+00:00","breadcrumb":{"@id":"https:\/\/lesvoltes.eu\/es\/les-voltes-educa-presenta-16-cursos-de-formacion-dirigidos-a-docentes\/#breadcrumb"},"inLanguage":"es","potentialAction":[{"@type":"ReadAction","target":["https:\/\/lesvoltes.eu\/es\/les-voltes-educa-presenta-16-cursos-de-formacion-dirigidos-a-docentes\/"]}]},{"@type":"ImageObject","inLanguage":"es","@id":"https:\/\/lesvoltes.eu\/es\/les-voltes-educa-presenta-16-cursos-de-formacion-dirigidos-a-docentes\/#primaryimage","url":"https:\/\/lesvoltes.eu\/wp-content\/uploads\/2025\/07\/noticia2.jpg","contentUrl":"https:\/\/lesvoltes.eu\/wp-content\/uploads\/2025\/07\/noticia2.jpg","width":1366,"height":768,"caption":"Taulell de confer\u00e8ncies"},{"@type":"BreadcrumbList","@id":"https:\/\/lesvoltes.eu\/es\/les-voltes-educa-presenta-16-cursos-de-formacion-dirigidos-a-docentes\/#breadcrumb","itemListElement":[{"@type":"ListItem","position":1,"name":"Inici","item":"https:\/\/lesvoltes.eu\/es\/inicio\/"},{"@type":"ListItem","position":2,"name":"Les Voltes Educa presenta 16 cursos de formaci\u00f3n dirigidos a docentes"}]},{"@type":"WebSite","@id":"https:\/\/lesvoltes.eu\/es\/#website","url":"https:\/\/lesvoltes.eu\/es\/","name":"Fundaci\u00f3 Les Voltes","description":"El Pa\u00eds el fa la gent, nosaltres hi posem les eines.","publisher":{"@id":"https:\/\/lesvoltes.eu\/es\/#organization"},"potentialAction":[{"@type":"SearchAction","target":{"@type":"EntryPoint","urlTemplate":"https:\/\/lesvoltes.eu\/es\/?s={search_term_string}"},"query-input":{"@type":"PropertyValueSpecification","valueRequired":true,"valueName":"search_term_string"}}],"inLanguage":"es"},{"@type":"Organization","@id":"https:\/\/lesvoltes.eu\/es\/#organization","name":"Fundaci\u00f3 Les Voltes","url":"https:\/\/lesvoltes.eu\/es\/","logo":{"@type":"ImageObject","inLanguage":"es","@id":"https:\/\/lesvoltes.eu\/es\/#\/schema\/logo\/image\/","url":"https:\/\/lesvoltes.eu\/wp-content\/uploads\/2025\/07\/favicon-les-voltes-girona.png","contentUrl":"https:\/\/lesvoltes.eu\/wp-content\/uploads\/2025\/07\/favicon-les-voltes-girona.png","width":1407,"height":1406,"caption":"Fundaci\u00f3 Les Voltes"},"image":{"@id":"https:\/\/lesvoltes.eu\/es\/#\/schema\/logo\/image\/"}},{"@type":"Person","@id":"https:\/\/lesvoltes.eu\/es\/#\/schema\/person\/5deb5ed18fb8b9b19f79e3f9a2da8ae7","name":"admin","image":{"@type":"ImageObject","inLanguage":"es","@id":"https:\/\/lesvoltes.eu\/es\/#\/schema\/person\/image\/","url":"https:\/\/secure.gravatar.com\/avatar\/c1982c580199072ebcdd08985eb4893dff370093e33e729a1d39f691ec661860?s=96&d=mm&r=g","contentUrl":"https:\/\/secure.gravatar.com\/avatar\/c1982c580199072ebcdd08985eb4893dff370093e33e729a1d39f691ec661860?s=96&d=mm&r=g","caption":"admin"},"sameAs":["https:\/\/lesvoltes.cat"],"url":"https:\/\/lesvoltes.eu\/es\/author\/foward_fbk7q0jf\/"}]}},"_links":{"self":[{"href":"https:\/\/lesvoltes.eu\/es\/wp-json\/wp\/v2\/posts\/1136","targetHints":{"allow":["GET"]}}],"collection":[{"href":"https:\/\/lesvoltes.eu\/es\/wp-json\/wp\/v2\/posts"}],"about":[{"href":"https:\/\/lesvoltes.eu\/es\/wp-json\/wp\/v2\/types\/post"}],"author":[{"embeddable":true,"href":"https:\/\/lesvoltes.eu\/es\/wp-json\/wp\/v2\/users\/1"}],"replies":[{"embeddable":true,"href":"https:\/\/lesvoltes.eu\/es\/wp-json\/wp\/v2\/comments?post=1136"}],"version-history":[{"count":0,"href":"https:\/\/lesvoltes.eu\/es\/wp-json\/wp\/v2\/posts\/1136\/revisions"}],"wp:featuredmedia":[{"embeddable":true,"href":"https:\/\/lesvoltes.eu\/es\/wp-json\/wp\/v2\/media\/1079"}],"wp:attachment":[{"href":"https:\/\/lesvoltes.eu\/es\/wp-json\/wp\/v2\/media?parent=1136"}],"wp:term":[{"taxonomy":"category","embeddable":true,"href":"https:\/\/lesvoltes.eu\/es\/wp-json\/wp\/v2\/categories?post=1136"},{"taxonomy":"post_tag","embeddable":true,"href":"https:\/\/lesvoltes.eu\/es\/wp-json\/wp\/v2\/tags?post=1136"}],"curies":[{"name":"wp","href":"https:\/\/api.w.org\/{rel}","templated":true}]}}